{"id":32505,"date":"2026-09-01T10:40:42","date_gmt":"2026-09-01T13:40:42","guid":{"rendered":"https:\/\/adufla.org.br\/site\/?p=32505"},"modified":"2026-09-01T10:46:12","modified_gmt":"2026-09-01T13:46:12","slug":"adufla-realiza-treinamento-em-prevencao-de-acidentes-e-primeiros-socorros","status":"publish","type":"post","link":"https:\/\/adufla.org.br\/site\/noticias\/adufla-realiza-treinamento-em-prevencao-de-acidentes-e-primeiros-socorros\/","title":{"rendered":"ADUFLA realiza treinamento em preven\u00e7\u00e3o de acidentes e primeiros socorros"},"content":{"rendered":"\n<p>A ADUFLA realizou nos dias 17 e 24 de agosto, uma s\u00e9rie de treinamento e capacita\u00e7\u00e3o em Uso de Equipamentos de Prote\u00e7\u00e3o Individual (EPI); No\u00e7\u00f5es B\u00e1sicas de combate a inc\u00eandio; e Trabalho em Altura. As sess\u00f5es ocorrem no Clube de Campo e teve a participa\u00e7\u00e3o de todas as funcion\u00e1rias e todos os funcion\u00e1rios da entidade.<\/p>\n\n\n\n<figure class=\"wp-block-image size-large\"><img data-recalc-dims=\"1\" loading=\"lazy\" decoding=\"async\" width=\"768\" height=\"1024\" src=\"https:\/\/i0.wp.com\/adufla.org.br\/site\/wp-content\/uploads\/2026\/09\/treinamento-1-1.jpeg?resize=768%2C1024&#038;ssl=1\" alt=\"\" class=\"wp-image-32506\" srcset=\"https:\/\/i0.wp.com\/adufla.org.br\/site\/wp-content\/uploads\/2026\/09\/treinamento-1-1.jpeg?resize=768%2C1024&amp;ssl=1 768w, https:\/\/i0.wp.com\/adufla.org.br\/site\/wp-content\/uploads\/2026\/09\/treinamento-1-1.jpeg?resize=225%2C300&amp;ssl=1 225w, https:\/\/i0.wp.com\/adufla.org.br\/site\/wp-content\/uploads\/2026\/09\/treinamento-1-1.jpeg?w=900&amp;ssl=1 900w\" sizes=\"auto, (max-width: 768px) 100vw, 768px\" \/><\/figure>\n\n\n\n<p>Realizado em parceria coma Preven\u00e7\u00e3o \u2013 Medicina e Seguran\u00e7a no Trabalho, o treinamento atendeu \u00e0s exig\u00eancias de normas espec\u00edficas do Minist\u00e9rio do Trabalho e teve como objetivo promover uma melhor capacita\u00e7\u00e3o das equipes na preven\u00e7\u00e3o de acidentes e primeiros socorros.<\/p>\n\n\n\n<p>No dia 17, a capacita\u00e7\u00e3o foi voltada \u00e0 NR-06 sobre o uso de Equipamentos de Prote\u00e7\u00e3o Individual (EPI) e \u00e0 NR-23 com No\u00e7\u00f5es B\u00e1sicas de combate a inc\u00eandio. Foram realizadas palestras te\u00f3ricas e tamb\u00e9m atividades pr\u00e1ticas sobre import\u00e2ncia do uso correto das EPIs e do manejo correto dos equipamentos de combate aos diferentes tipos de inc\u00eandio.<\/p>\n\n\n\n<figure class=\"wp-block-image size-full\"><img data-recalc-dims=\"1\" loading=\"lazy\" decoding=\"async\" width=\"741\" height=\"988\" src=\"https:\/\/i0.wp.com\/adufla.org.br\/site\/wp-content\/uploads\/2026\/09\/Treinamento-15.jpeg?resize=741%2C988&#038;ssl=1\" alt=\"\" class=\"wp-image-32507\" srcset=\"https:\/\/i0.wp.com\/adufla.org.br\/site\/wp-content\/uploads\/2026\/09\/Treinamento-15.jpeg?w=741&amp;ssl=1 741w, https:\/\/i0.wp.com\/adufla.org.br\/site\/wp-content\/uploads\/2026\/09\/Treinamento-15.jpeg?resize=225%2C300&amp;ssl=1 225w\" sizes=\"auto, (max-width: 741px) 100vw, 741px\" \/><\/figure>\n\n\n\n<p>No dia 24, o treinamento foi voltado \u00e0 NR-23, voltada \u00e0s normas e pr\u00e1ticas de seguran\u00e7a para o trabalho em altura, como o uso correto de escadas e equipamentos como cordas, coletes, conectores (mosquet\u00e3o), talabarte, capacete com jugular e pontos e fitas de ancoragem. Vale ressaltar que o trabalho em altura n\u00e3o necessariamente diz respeito ao uso de escadas, mas qualquer trabalho realizado com a altura superior a 2 metros do piso.<\/p>\n\n\n\n<figure class=\"wp-block-image size-large\"><img data-recalc-dims=\"1\" loading=\"lazy\" decoding=\"async\" width=\"768\" height=\"1024\" src=\"https:\/\/i0.wp.com\/adufla.org.br\/site\/wp-content\/uploads\/2026\/09\/treinamento-6-1.jpeg?resize=768%2C1024&#038;ssl=1\" alt=\"\" class=\"wp-image-32508\" srcset=\"https:\/\/i0.wp.com\/adufla.org.br\/site\/wp-content\/uploads\/2026\/09\/treinamento-6-1.jpeg?resize=768%2C1024&amp;ssl=1 768w, https:\/\/i0.wp.com\/adufla.org.br\/site\/wp-content\/uploads\/2026\/09\/treinamento-6-1.jpeg?resize=225%2C300&amp;ssl=1 225w, https:\/\/i0.wp.com\/adufla.org.br\/site\/wp-content\/uploads\/2026\/09\/treinamento-6-1.jpeg?w=781&amp;ssl=1 781w\" sizes=\"auto, (max-width: 768px) 100vw, 768px\" \/><\/figure>\n\n\n\n<p>Dessa forma, a ADUFLA n\u00e3o apenas cumpriu as exig\u00eancias da legisla\u00e7\u00e3o como tamb\u00e9m aprimorou os conhecimentos das colaboradoras e colaboradores quanto \u00e0 preven\u00e7\u00e3o de acidentes e primeiros socorros no dia a dia das atividades, fomentando a seguran\u00e7a e o bem estar de todas e todos no desempenho de suas fun\u00e7\u00f5es.<\/p>\n\n\n\nngg_shortcode_0_placeholder\n","protected":false},"excerpt":{"rendered":"<p>A ADUFLA realizou nos dias 17 e 24 de agosto, uma s\u00e9rie de treinamento e capacita\u00e7\u00e3o em Uso de Equipamentos de Prote\u00e7\u00e3o Individual (EPI); No\u00e7\u00f5es B\u00e1sicas de combate a inc\u00eandio; e Trabalho em Altura. As sess\u00f5es ocorrem no Clube de Campo e teve a participa\u00e7\u00e3o de todas as funcion\u00e1rias e todos os funcion\u00e1rios da entidade. [&hellip;]<\/p>\n","protected":false},"author":2,"featured_media":32503,"comment_status":"closed","ping_status":"closed","sticky":false,"template":"","format":"standard","meta":{"_acf_changed":false,"ngg_post_thumbnail":0,"_jetpack_memberships_contains_paid_content":false,"footnotes":""},"categories":[1],"tags":[],"class_list":["post-32505","post","type-post","status-publish","format-standard","has-post-thumbnail","hentry","category-noticias"],"acf":{"isJornal":"false"},"jetpack_featured_media_url":"https:\/\/i0.wp.com\/adufla.org.br\/site\/wp-content\/uploads\/2026\/09\/WhatsApp-Image-2026-08-27-at-08.31.23-1.jpeg?fit=1280%2C960&ssl=1","jetpack_sharing_enabled":true,"_links":{"self":[{"href":"https:\/\/adufla.org.br\/site\/wp-json\/wp\/v2\/posts\/32505","targetHints":{"allow":["GET"]}}],"collection":[{"href":"https:\/\/adufla.org.br\/site\/wp-json\/wp\/v2\/posts"}],"about":[{"href":"https:\/\/adufla.org.br\/site\/wp-json\/wp\/v2\/types\/post"}],"author":[{"embeddable":true,"href":"https:\/\/adufla.org.br\/site\/wp-json\/wp\/v2\/users\/2"}],"replies":[{"embeddable":true,"href":"https:\/\/adufla.org.br\/site\/wp-json\/wp\/v2\/comments?post=32505"}],"version-history":[{"count":3,"href":"https:\/\/adufla.org.br\/site\/wp-json\/wp\/v2\/posts\/32505\/revisions"}],"predecessor-version":[{"id":32513,"href":"https:\/\/adufla.org.br\/site\/wp-json\/wp\/v2\/posts\/32505\/revisions\/32513"}],"wp:featuredmedia":[{"embeddable":true,"href":"https:\/\/adufla.org.br\/site\/wp-json\/wp\/v2\/media\/32503"}],"wp:attachment":[{"href":"https:\/\/adufla.org.br\/site\/wp-json\/wp\/v2\/media?parent=32505"}],"wp:term":[{"taxonomy":"category","embeddable":true,"href":"https:\/\/adufla.org.br\/site\/wp-json\/wp\/v2\/categories?post=32505"},{"taxonomy":"post_tag","embeddable":true,"href":"https:\/\/adufla.org.br\/site\/wp-json\/wp\/v2\/tags?post=32505"}],"curies":[{"name":"wp","href":"https:\/\/api.w.org\/{rel}","templated":true}]}}